{"id":865,"date":"2025-10-01T06:55:36","date_gmt":"2025-10-01T04:55:36","guid":{"rendered":"http:\/\/www.targi.pk.edu.pl\/?p=865"},"modified":"2025-10-01T06:55:36","modified_gmt":"2025-10-01T04:55:36","slug":"dan-cake-polonia-sp-z-o-o","status":"publish","type":"post","link":"https:\/\/targi.pk.edu.pl\/?p=865","title":{"rendered":"Dan Cake Polonia Sp. z o.o."},"content":{"rendered":"\n<figure class=\"wp-block-image size-full is-resized\"><img decoding=\"async\" src=\"http:\/\/www.targi.pk.edu.pl\/wp-content\/uploads\/2023\/10\/LOGO_net.jpg\" alt=\"\" class=\"wp-image-1051\" style=\"width:300px\" width=\"300\" srcset=\"https:\/\/targi.pk.edu.pl\/wp-content\/uploads\/2023\/10\/LOGO_net.jpg 852w, https:\/\/targi.pk.edu.pl\/wp-content\/uploads\/2023\/10\/LOGO_net-200x133.jpg 200w, https:\/\/targi.pk.edu.pl\/wp-content\/uploads\/2023\/10\/LOGO_net-676x448.jpg 676w\" sizes=\"(max-width: 852px) 100vw, 852px\" \/><\/figure>\n\n\n<style>.kt-tabs-id865_f752b7-74 > .kt-tabs-content-wrap > .wp-block-kadence-tab{border-top:1px solid #bcbcbc;border-right:1px solid #bcbcbc;border-bottom:1px solid #bcbcbc;border-left:1px solid #bcbcbc;border-top-left-radius:0px;border-top-right-radius:0px;border-bottom-right-radius:0px;border-bottom-left-radius:0px;padding-top:var(--global-kb-spacing-sm, 1.5rem);padding-right:var(--global-kb-spacing-sm, 1.5rem);padding-bottom:var(--global-kb-spacing-sm, 1.5rem);padding-left:var(--global-kb-spacing-sm, 1.5rem);background:var(--global-palette9, #ffffff);}.wp-block-kadence-tabs .kt-tabs-id865_f752b7-74 > .kt-tabs-title-list li{margin-top:0px;margin-right:8px;margin-bottom:-1px;margin-left:0px;}.wp-block-kadence-tabs .kt-tabs-id865_f752b7-74 > .kt-tabs-title-list li:last-child{margin-right:0px;}.wp-block-kadence-tabs .kt-tabs-id865_f752b7-74 > .kt-tabs-title-list li .kt-tab-title, .wp-block-kadence-tabs .kt-tabs-id865_f752b7-74 > .kt-tabs-content-wrap > .kt-tabs-accordion-title .kt-tab-title{line-height:1.4em;font-weight:regular;font-style:normal;border-top-width:1px;border-right-width:1px;border-bottom-width:0px;border-left-width:1px;border-top-left-radius:4px;border-top-right-radius:4px;border-bottom-right-radius:0px;border-bottom-left-radius:0px;padding-top:8px;padding-right:20px;padding-bottom:8px;padding-left:20px;border-color:var(--global-palette7, #eeeeee);color:var(--global-palette5, #444444);background:var(--global-palette9, #ffffff);}.wp-block-kadence-tabs .kt-tabs-id865_f752b7-74 > .kt-tabs-content-wrap > .kt-tabs-accordion-title .kt-tab-title{margin-top:0px;margin-right:8px;margin-bottom:-1px;margin-left:0px;}.wp-block-kadence-tabs .kt-tabs-id865_f752b7-74 > .kt-tabs-title-list li .kt-tab-title:hover, .wp-block-kadence-tabs .kt-tabs-id865_f752b7-74 > .kt-tabs-content-wrap > .kt-tabs-accordion-title .kt-tab-title:hover{border-color:var(--global-palette8, #F7FAFC);color:var(--global-palette5, #444444);background:var(--global-palette9, #ffffff);}.wp-block-kadence-tabs .kt-tabs-id865_f752b7-74 > .kt-tabs-title-list li.kt-tab-title-active .kt-tab-title, .wp-block-kadence-tabs .kt-tabs-id865_f752b7-74 > .kt-tabs-content-wrap > .kt-tabs-accordion-title.kt-tab-title-active .kt-tab-title{border-color:#bcbcbc;color:var(--global-palette5, #444444);background:var(--global-palette9, #ffffff);}@media all and (max-width: 1024px){.kt-tabs-id865_f752b7-74 > .kt-tabs-content-wrap > .wp-block-kadence-tab{border-top:1px solid #bcbcbc;border-right:1px solid #bcbcbc;border-bottom:1px solid #bcbcbc;border-left:1px solid #bcbcbc;}}@media all and (max-width: 767px){.kt-tabs-id865_f752b7-74 > .kt-tabs-content-wrap > .wp-block-kadence-tab{border-top:1px solid #bcbcbc;border-right:1px solid #bcbcbc;border-bottom:1px solid #bcbcbc;border-left:1px solid #bcbcbc;}}<\/style>\n<div class=\"wp-block-kadence-tabs alignnone\"><div class=\"kt-tabs-wrap kt-tabs-id865_f752b7-74 kt-tabs-has-6-tabs kt-active-tab-2 kt-tabs-layout-tabs kt-tabs-tablet-layout-inherit kt-tabs-mobile-layout-inherit kt-tab-alignment-left \"><ul class=\"kt-tabs-title-list\"><li id=\"tab-profildziaalnocifirmy\" class=\"kt-title-item kt-title-item-1 kt-tabs-svg-show-always kt-tabs-icon-side-right kt-tab-title-inactive\"><a href=\"#tab-profildziaalnocifirmy\" data-tab=\"1\" class=\"kt-tab-title kt-tab-title-1 \"><span class=\"kt-title-text\">Profil dzia\u0142alno\u015bci firmy<\/span><\/a><\/li><li id=\"tab-kogoszukamy\" class=\"kt-title-item kt-title-item-2 kt-tabs-svg-show-always kt-tabs-icon-side-right kt-tab-title-active\"><a href=\"#tab-kogoszukamy\" data-tab=\"2\" class=\"kt-tab-title kt-tab-title-2 \"><span class=\"kt-title-text\">Kogo szukamy<\/span><\/a><\/li><li id=\"tab-wymagania\" class=\"kt-title-item kt-title-item-3 kt-tabs-svg-show-always kt-tabs-icon-side-right kt-tab-title-inactive\"><a href=\"#tab-wymagania\" data-tab=\"3\" class=\"kt-tab-title kt-tab-title-3 \"><span class=\"kt-title-text\">Wymagania<\/span><\/a><\/li><li id=\"tab-procesrekrutacji\" class=\"kt-title-item kt-title-item-4 kt-tabs-svg-show-always kt-tabs-icon-side-right kt-tab-title-inactive\"><a href=\"#tab-procesrekrutacji\" data-tab=\"4\" class=\"kt-tab-title kt-tab-title-4 \"><span class=\"kt-title-text\">Proces rekrutacji<\/span><\/a><\/li><li id=\"tab-dodatkoweinformacje\" class=\"kt-title-item kt-title-item-5 kt-tabs-svg-show-always kt-tabs-icon-side-right kt-tab-title-inactive\"><a href=\"#tab-dodatkoweinformacje\" data-tab=\"5\" class=\"kt-tab-title kt-tab-title-5 \"><span class=\"kt-title-text\">Dodatkowe informacje<\/span><\/a><\/li><li id=\"tab-kontakt\" class=\"kt-title-item kt-title-item-6 kt-tabs-svg-show-always kt-tabs-icon-side-right kt-tab-title-inactive\"><a href=\"#tab-kontakt\" data-tab=\"6\" class=\"kt-tab-title kt-tab-title-6 \"><span class=\"kt-title-text\">Kontakt<\/span><\/a><\/li><\/ul><div class=\"kt-tabs-content-wrap\">\n<div class=\"wp-block-kadence-tab kt-tab-inner-content kt-inner-tab-1 kt-inner-tab_04b2bd-a0\"><div class=\"kt-tab-inner-content-inner\">\n<p>Odkryj \u015bwiat mo\u017cliwo\u015bci z <a href=\"https:\/\/dancake.pl\/\" target=\"_blank\" rel=\"noreferrer noopener\">Dan Cake Polonia<\/a> \u2013 liderem w polskiej bran\u017cy piekarniczo-cukierniczej! Je\u017celi marzysz o karierze w dynamicznym sektorze, gdzie technologia spotyka si\u0119 z tradycj\u0105, to jeste\u015bmy firm\u0105 dla Ciebie. Od 2004 roku jeste\u015bmy cz\u0119\u015bci\u0105 globalnej sieci z zak\u0142adami w Europie i Azji, \u0142\u0105cz\u0105c w sobie mi\u0119dzynarodowe standardy z lokalnym ekspertyzatem (specjalistyczn\u0105 wiedz\u0105).<\/p>\n\n\n\n<p>Nasz zak\u0142ad w Chrzanowie jest sercem innowacji \u2013 z 7 zautomatyzowanymi i wysoce wydajnymi liniami produkcyjnymi. Ale co nas wyr\u00f3\u017cnia, to ludzie. Jeste\u015bmy dumni z naszego zespo\u0142u i oferujemy szereg mo\u017cliwo\u015bci rozwoju w dziedzinie in\u017cynierii budowy maszyn, czy automatyki i robotyki.<\/p>\n\n\n\n<p>Nie przegap okazji, by do nas do\u0142\u0105czy\u0107 i kszta\u0142towa\u0107 przysz\u0142o\u015b\u0107 bran\u017cy! Odwied\u017a nas na targach i dowiedz si\u0119, jak mo\u017cesz sta\u0107 si\u0119 cz\u0119\u015bci\u0105 naszej wyj\u0105tkowej spo\u0142eczno\u015bci. \ud83c\udf70\ud83e\udd16<\/p>\n\n\n\n<p>#DanCakePolonia #DanCake<\/p>\n<\/div><\/div>\n\n\n\n<div class=\"wp-block-kadence-tab kt-tab-inner-content kt-inner-tab-2 kt-inner-tab_730f27-f7\"><div class=\"kt-tab-inner-content-inner\">\n<p class=\"has-theme-palette-1-color has-text-color\"><strong>PREFEROWANE KIERUNKI STUDI\u00d3W KANDYDAT\u00d3W<\/strong><\/p>\n\n\n\n<ul class=\"wp-block-list\">\n<li>Automatyka i robotyka<\/li>\n\n\n\n<li>Elektronika<\/li>\n\n\n\n<li>Automatyka<\/li>\n\n\n\n<li>Mechatronika lub pokrewne<\/li>\n\n\n\n<li>Logistyka<\/li>\n\n\n\n<li>IT<\/li>\n<\/ul>\n\n\n\n<p class=\"has-theme-palette-1-color has-text-color\"><strong>NAZWY STANOWISK, NA JAKIE S\u0104 PROWADZONE REKRUTACJE<\/strong><\/p>\n\n\n\n<ul class=\"wp-block-list\">\n<li>Specjalista\/-ka ds. zakup\u00f3w<\/li>\n\n\n\n<li>Specjalista  ds. technicznych<\/li>\n\n\n\n<li>Automatyk utrzymania ruchu<\/li>\n\n\n\n<li>Operator linii produkcyjnej \u2013 masowy \/piecowy<\/li>\n<\/ul>\n\n\n\n<p style=\"line-height:0\">Sta\u017cysta:<\/p>\n\n\n\n<ul class=\"wp-block-list\">\n<li>w dziale projektowo-konstrukcyjnym<\/li>\n\n\n\n<li>w dziale IT<\/li>\n\n\n\n<li>w dziale logistyki<\/li>\n<\/ul>\n\n\n\n<p>Aktualne oferty pracy oraz sta\u017cy znajdziesz <a href=\"https:\/\/dancake.pl\/praca\/\" target=\"_blank\" rel=\"noreferrer noopener\">tutaj<\/a>.<\/p>\n<\/div><\/div>\n\n\n\n<div class=\"wp-block-kadence-tab kt-tab-inner-content kt-inner-tab-3 kt-inner-tab_070b14-b9\"><div class=\"kt-tab-inner-content-inner\">\n<p class=\"has-theme-palette-1-color has-text-color\"><strong>DO\u015aWIADCZENIE ZAWODOWE<\/strong><\/p>\n\n\n\n<p>Z do\u015bwiadczeniem i bez do\u015bwiadczenia.<\/p>\n\n\n\n<p class=\"has-theme-palette-1-color has-text-color\"><strong>KOMPETENCJE\/UMIEJ\u0118TNO\u015aCI<\/strong><\/p>\n\n\n\n<ul class=\"wp-block-list\">\n<li>samodzielno\u015b\u0107<\/li>\n\n\n\n<li>dok\u0142adno\u015b\u0107<\/li>\n\n\n\n<li>elastyczno\u015b\u0107<\/li>\n<\/ul>\n\n\n\n<p class=\"has-theme-palette-1-color has-text-color\"><strong>ZNAJOMO\u015a\u0106 PROGRAM\u00d3W<\/strong><\/p>\n\n\n\n<ul class=\"wp-block-list\">\n<li>mile widziane znajomo\u015b\u0107 Simatic S7 \u2013 min. podstawy<\/li>\n\n\n\n<li>znajomo\u015b\u0107 programu WS Cad \u2013 min. podstawy<\/li>\n\n\n\n<li>projektowanie maszyn i urz\u0105dze\u0144 Autodesk i Inventor<\/li>\n<\/ul>\n\n\n\n<p class=\"has-theme-palette-1-color has-text-color\"><strong>ZNAJOMO\u015a\u0106 J\u0118ZYK\u00d3W OBCYCH<\/strong><\/p>\n\n\n\n<p style=\"line-height:0\">W zale\u017cno\u015bci od stanowiska: <\/p>\n\n\n\n<ul class=\"wp-block-list\">\n<li>najcz\u0119\u015bciej ze znajomo\u015bci\u0105 j. angielskiego na poziomie min. B2<\/li>\n\n\n\n<li>mile widziana komunikatywna znajomo\u015b\u0107 j. niemieckiego<\/li>\n<\/ul>\n<\/div><\/div>\n\n\n\n<div class=\"wp-block-kadence-tab kt-tab-inner-content kt-inner-tab-4 kt-inner-tab_5ce416-a0\"><div class=\"kt-tab-inner-content-inner\">\n<p class=\"has-theme-palette-1-color has-text-color\"><strong>ETAPY REKRUTACJI<\/strong><\/p>\n\n\n\n<ol class=\"wp-block-list\" type=\"1\" start=\"1\">\n<li><strong>Z\u0142o\u017cenie CV<\/strong> &#8211; aplikuj na naszej stronie <a rel=\"noreferrer noopener\" href=\"https:\/\/dancake.pl\/praca\/\" target=\"_blank\">dancake.pl\/praca\/<\/a>. Mo\u017cesz tak\u017ce wys\u0142a\u0107 CV na <a href=\"mailto:rekrutacja@dancake.pl\" target=\"_blank\" rel=\"noreferrer noopener\">rekrutacja@dancak<\/a><a href=\"mailto:rekrutacja@dancake.pl\">e.pl<\/a>.<\/li>\n\n\n\n<li><strong>Rozmowa telefoniczna z pracownikiem Dzia\u0142u HR<\/strong>. To nasz pierwszy bezpo\u015bredni kontakt! Chcemy Ci\u0119 pozna\u0107 i dowiedzie\u0107 si\u0119 wi\u0119cej. Je\u015bli rozmowa przejdzie g\u0142adko, nadejdzie pora, by nareszcie spotka\u0107 si\u0119 osobi\u015bcie.<\/li>\n\n\n\n<li><strong>Rozmowa z kierownikiem dzia\u0142u + HR<\/strong>. Podczas tego spotkania masz okazj\u0119 zobaczy\u0107, jaka atmosfera panuje w naszej firmie i zada\u0107 nurtuj\u0105ce pytania. Tutaj tak\u017ce my b\u0119dziemy zadawa\u0107 pytania Tobie, aby upewni\u0107 si\u0119, \u017ce pasujemy do siebie nawzajem.<\/li>\n\n\n\n<li><strong>Decyzja<\/strong> i oferta. To ju\u017c ostatni etap! Kto\u015b skontaktuje si\u0119 z Tob\u0105 i przeka\u017ce ostateczn\u0105 decyzj\u0119. Je\u015bli b\u0119dzie pozytywna \u2013 spodziewaj si\u0119 atrakcyjnej oferty. Do zobaczenia!<\/li>\n<\/ol>\n\n\n\n<p>*W przypadku niekt\u00f3rych stanowisk mo\u017cliwa jest konieczno\u015b\u0107 wykonania zadnia<\/p>\n<\/div><\/div>\n\n\n\n<div class=\"wp-block-kadence-tab kt-tab-inner-content kt-inner-tab-5 kt-inner-tab_c9458e-3f\"><div class=\"kt-tab-inner-content-inner\">\n<p class=\"has-theme-palette-1-color has-text-color\"><strong>LOKALIZACJA MIEJSC PRAC<\/strong>Y<\/p>\n\n\n\n<p>Chrzan\u00f3w<\/p>\n\n\n\n<p class=\"has-theme-palette-1-color has-text-color\"><strong>TYPY OFERT<\/strong><\/p>\n\n\n\n<ul class=\"wp-block-list\">\n<li>praca<\/li>\n\n\n\n<li>sta\u017c (umowa zlecenie)<\/li>\n<\/ul>\n\n\n\n<p>Rekrutacja ci\u0105g\u0142a.<\/p>\n<\/div><\/div>\n\n\n\n<div class=\"wp-block-kadence-tab kt-tab-inner-content kt-inner-tab-6 kt-inner-tab_6c74ba-27\"><div class=\"kt-tab-inner-content-inner\">\n<p class=\"has-theme-palette-1-color has-text-color has-small-font-size\"><strong>KONTAKT W SPRAWIE REKRUTACJI<\/strong><\/p>\n\n\n\n<p>Marta Bie\u0144 \u2013 HR Business Partner<br>e-mail: <a rel=\"noreferrer noopener\" href=\"m.bien@dancake.pl\" data-type=\"link\" data-id=\"m.bien@dancake.pl\" target=\"_blank\">m.bien@dancake.pl <\/a><br>tel.: 32 626-31-54<br><br>Agnieszka Domin \u2013 HR Business Partner<br>e-mail: <a href=\"mailto:a.domin@dancake.pl\" target=\"_blank\" rel=\"noreferrer noopener\">a.domin@dancake.pl<\/a><br>tel.: 32 626-31-52<\/p>\n\n\n\n<p class=\"has-theme-palette-1-color has-text-color\"><strong>DANE ADRESOWE FIRMY<\/strong><\/p>\n\n\n\n<p>Dan Cake Polonia Sp. z o.o.<br>ul. Transportowc\u00f3w 15<br>32-500 Chrzan\u00f3w<br>e-mail: <a href=\"mailto:sekretariat@dancake.pl\" target=\"_blank\" rel=\"noreferrer noopener\">sekretariat@dancake.pl<\/a><br>tel.: 32 6263 900<\/p>\n\n\n\n<p class=\"has-theme-palette-1-color has-text-color\"><strong>ADRES STRONY INTERNETOWEJ<\/strong><\/p>\n\n\n\n<p><a href=\"https:\/\/dancake.pl\/\" target=\"_blank\" rel=\"noreferrer noopener\">www.dancake.pl<\/a><\/p>\n<\/div><\/div>\n<\/div><\/div><\/div>\n","protected":false},"excerpt":{"rendered":"","protected":false},"author":1,"featured_media":0,"comment_status":"closed","ping_status":"open","sticky":false,"template":"","format":"standard","meta":{"_kadence_starter_templates_imported_post":false,"_kad_post_transparent":"","_kad_post_title":"","_kad_post_layout":"","_kad_post_sidebar_id":"","_kad_post_content_style":"","_kad_post_vertical_padding":"","_kad_post_feature":"","_kad_post_feature_position":"","_kad_post_header":false,"_kad_post_footer":false,"_kad_post_classname":"","footnotes":""},"categories":[52,54,56],"tags":[60,74,77,116,104,109],"class_list":["post-865","post","type-post","status-publish","format-standard","hentry","category-praca","category-staze","category-wystawcy-wystawcy","tag-automatyka-i-robotyka","tag-elektronika","tag-elektrotechnika-i-automatyka","tag-it","tag-mechatronika","tag-transport-i-logistyka"],"_links":{"self":[{"href":"https:\/\/targi.pk.edu.pl\/index.php?rest_route=\/wp\/v2\/posts\/865","targetHints":{"allow":["GET"]}}],"collection":[{"href":"https:\/\/targi.pk.edu.pl\/index.php?rest_route=\/wp\/v2\/posts"}],"about":[{"href":"https:\/\/targi.pk.edu.pl\/index.php?rest_route=\/wp\/v2\/types\/post"}],"author":[{"embeddable":true,"href":"https:\/\/targi.pk.edu.pl\/index.php?rest_route=\/wp\/v2\/users\/1"}],"replies":[{"embeddable":true,"href":"https:\/\/targi.pk.edu.pl\/index.php?rest_route=%2Fwp%2Fv2%2Fcomments&post=865"}],"version-history":[{"count":0,"href":"https:\/\/targi.pk.edu.pl\/index.php?rest_route=\/wp\/v2\/posts\/865\/revisions"}],"wp:attachment":[{"href":"https:\/\/targi.pk.edu.pl\/index.php?rest_route=%2Fwp%2Fv2%2Fmedia&parent=865"}],"wp:term":[{"taxonomy":"category","embeddable":true,"href":"https:\/\/targi.pk.edu.pl\/index.php?rest_route=%2Fwp%2Fv2%2Fcategories&post=865"},{"taxonomy":"post_tag","embeddable":true,"href":"https:\/\/targi.pk.edu.pl\/index.php?rest_route=%2Fwp%2Fv2%2Ftags&post=865"}],"curies":[{"name":"wp","href":"https:\/\/api.w.org\/{rel}","templated":true}]}}